{"id":15469,"date":"2025-08-16T09:44:00","date_gmt":"2025-08-16T02:44:00","guid":{"rendered":"https:\/\/complex01.vn\/the-international-youth-day-2025-local-youth-actions-for-the-sdgs-beyond-youth-initiative-festival-for-sustainable-development-goals-by-unesco\/"},"modified":"2025-11-26T10:06:42","modified_gmt":"2025-11-26T03:06:42","slug":"the-international-youth-day-2025-local-youth-actions-for-the-sdgs-beyond-youth-initiative-festival-for-sustainable-development-goals-by-unesco","status":"publish","type":"post","link":"https:\/\/complex01.vn\/vi\/the-international-youth-day-2025-local-youth-actions-for-the-sdgs-beyond-youth-initiative-festival-for-sustainable-development-goals-by-unesco\/","title":{"rendered":"The International Youth Day 2025: Local Youth Actions for the SDGs &amp; Beyond &#8211; Ng\u00e0y h\u1ed9i s\u00e1ng ki\u1ebfn thanh ni\u00ean v\u00ec c\u00e1c m\u1ee5c ti\u00eau ph\u00e1t tri\u1ec3n b\u1ec1n v\u1eefng UNESCO"},"content":{"rendered":"\n<p>Ng\u00e0y 16\/08\/2025, Ng\u00e0y h\u1ed9i S\u00e1ng ki\u1ebfn Thanh ni\u00ean v\u00ec c\u00e1c M\u1ee5c ti\u00eau Ph\u00e1t tri\u1ec3n B\u1ec1n v\u1eefng \u0111\u00e3 di\u1ec5n ra th\u00e0nh c\u00f4ng r\u1ef1c r\u1ee1 t\u1ea1i Vi\u1ec7t Nam, \u0111\u00e1nh d\u1ea5u c\u1ed9t m\u1ed1c quan tr\u1ecdng trong khu\u00f4n kh\u1ed5 c\u00e1c ho\u1ea1t \u0111\u1ed9ng k\u1ef7 ni\u1ec7m Ng\u00e0y Qu\u1ed1c t\u1ebf Thanh ni\u00ean 2025 v\u1edbi ch\u1ee7 \u0111\u1ec1 &#8220;Thanh ni\u00ean \u0111\u1ecba ph\u01b0\u01a1ng h\u00e0nh \u0111\u1ed9ng v\u00ec SDGs v\u00e0 t\u01b0\u01a1ng lai b\u1ec1n v\u1eefng&#8221;. S\u1ef1 ki\u1ec7n do Li\u00ean H\u1ee3p Qu\u1ed1c t\u1ea1i Vi\u1ec7t Nam t\u1ed5 ch\u1ee9c \u0111\u00e3 thu h\u00fat s\u1ef1 tham gia c\u1ee7a h\u00e0ng tr\u0103m b\u1ea1n tr\u1ebb t\u1eeb kh\u1eafp c\u1ea3 n\u01b0\u1edbc.<\/p>\n\n\n\n<p>Ph\u00e1t bi\u1ec3u t\u1ea1i s\u1ef1 ki\u1ec7n, \u00f4ng Jonathan Baker, Tr\u01b0\u1edfng \u0110\u1ea1i di\u1ec7n UNESCO v\u00e0 Ch\u1ee7 t\u1ecbch Nh\u00f3m c\u00f4ng t\u00e1c v\u00ec thanh thi\u1ebfu ni\u00ean c\u1ee7a Li\u00ean H\u1ee3p Qu\u1ed1c t\u1ea1i Vi\u1ec7t Nam, \u0111\u00e3 nh\u1ea5n m\u1ea1nh vai tr\u00f2 then ch\u1ed1t c\u1ee7a thanh ni\u00ean: &#8220;Thanh ni\u00ean kh\u00f4ng ch\u1ec9 l\u00e0 \u0111\u1ed1i t\u01b0\u1ee3ng th\u1ee5 h\u01b0\u1edfng c\u1ee7a ph\u00e1t tri\u1ec3n m\u00e0 c\u00f2n l\u00e0 nh\u1eefng ng\u01b0\u1eddi ki\u1ebfn t\u1ea1o n\u00f3. H\u1ecd l\u00e0 nh\u1eefng nh\u00e0 \u0111\u1ed5i m\u1edbi, l\u00e3nh \u0111\u1ea1o, t\u1ed5 ch\u1ee9c v\u00e0 t\u1ea7m nh\u00ecn, \u0111ang \u0111\u1ecbnh h\u00ecnh th\u1ef1c ti\u1ec5n t\u1ea1i \u0111\u1ecba ph\u01b0\u01a1ng b\u1eb1ng nh\u1eefng c\u00e1ch t\u00e1o b\u1ea1o v\u00e0 s\u00e1ng t\u1ea1o.&#8221;<\/p>\n\n\n\n<figure class=\"wp-block-image size-full\"><img loading=\"lazy\" decoding=\"async\" width=\"2048\" height=\"1365\" src=\"https:\/\/complex01.vn\/wp-content\/uploads\/2025\/11\/533125988_1230201012479750_8273737167915637223_n.jpg\" alt=\"\" class=\"wp-image-15462\" srcset=\"https:\/\/complex01.vn\/wp-content\/uploads\/2025\/11\/533125988_1230201012479750_8273737167915637223_n.jpg 2048w, https:\/\/complex01.vn\/wp-content\/uploads\/2025\/11\/533125988_1230201012479750_8273737167915637223_n-768x511.jpg 768w\" sizes=\"auto, (max-width: 2048px) 100vw, 2048px\" \/><\/figure>\n\n\n\n<p>\u0110i\u1ec3m nh\u1ea5n \u0111\u1eb7c bi\u1ec7t c\u1ee7a Ng\u00e0y h\u1ed9i ch\u00ednh l\u00e0 s\u1ef1 ra m\u1eaft Nh\u00f3m C\u1ed1 v\u1ea5n Thanh ni\u00ean (YAG) &#8211; m\u1ed9t c\u1ed9t m\u1ed1c l\u1ecbch s\u1eed \u0111\u00e1nh d\u1ea5u b\u01b0\u1edbc ti\u1ebfn quan tr\u1ecdng trong vi\u1ec7c t\u0103ng c\u01b0\u1eddng ti\u1ebfng n\u00f3i v\u00e0 vai tr\u00f2 l\u00e3nh \u0111\u1ea1o c\u1ee7a thanh ni\u00ean. YAG \u0111\u01b0\u1ee3c k\u1ef3 v\u1ecdng s\u1ebd tr\u1edf th\u00e0nh c\u1ea7u n\u1ed1i quan tr\u1ecdng, t\u1ea1o ra m\u1ed9t n\u1ec1n t\u1ea3ng ch\u00ednh th\u1ee9c \u0111\u1ec3 thanh ni\u00ean tham v\u1ea5n, tham gia v\u00e0 d\u1eabn d\u1eaft trong c\u00e1c ti\u1ebfn tr\u00ecnh c\u1ee7a Li\u00ean H\u1ee3p Qu\u1ed1c t\u1ea1i Vi\u1ec7t Nam.<\/p>\n\n\n\n<figure class=\"wp-block-image size-full\"><img loading=\"lazy\" decoding=\"async\" width=\"2048\" height=\"1365\" src=\"https:\/\/complex01.vn\/wp-content\/uploads\/2025\/11\/534856704_1230201045813080_3582577797502357872_n.jpg\" alt=\"\" class=\"wp-image-15464\" srcset=\"https:\/\/complex01.vn\/wp-content\/uploads\/2025\/11\/534856704_1230201045813080_3582577797502357872_n.jpg 2048w, https:\/\/complex01.vn\/wp-content\/uploads\/2025\/11\/534856704_1230201045813080_3582577797502357872_n-768x511.jpg 768w\" sizes=\"auto, (max-width: 2048px) 100vw, 2048px\" \/><\/figure>\n\n\n\n<p>Kh\u00f4ng gian COMPLEX 01 \u0111\u00e3 tr\u1edf n\u00ean s\u00f4i \u0111\u1ed9ng v\u1edbi c\u00e1c gian h\u00e0ng tr\u01b0ng b\u00e0y gi\u1edbi thi\u1ec7u nh\u1eefng s\u00e1ng ki\u1ebfn \u0111\u1ed9c \u0111\u00e1o. C\u00e1c b\u1ea1n tr\u1ebb \u0111\u00e3 c\u00f3 c\u01a1 h\u1ed9i chia s\u1ebb \u00fd t\u01b0\u1edfng, k\u1ebft n\u1ed1i v\u1edbi nhau v\u00e0 h\u1ecdc h\u1ecfi kinh nghi\u1ec7m t\u1eeb nh\u1eefng d\u1ef1 \u00e1n th\u00e0nh c\u00f4ng, t\u1ea1o n\u00ean m\u1ed9t m\u00f4i tr\u01b0\u1eddng giao l\u01b0u v\u0103n h\u00f3a v\u00e0 tri th\u1ee9c phong ph\u00fa.<\/p>\n\n\n\n<p>Ng\u00e0y h\u1ed9i S\u00e1ng ki\u1ebfn Thanh ni\u00ean v\u00ec c\u00e1c M\u1ee5c ti\u00eau Ph\u00e1t tri\u1ec3n B\u1ec1n v\u1eefng kh\u00f4ng ch\u1ec9 l\u00e0 m\u1ed9t s\u1ef1 ki\u1ec7n k\u1ef7 ni\u1ec7m, m\u00e0 c\u00f2n l\u00e0 minh ch\u1ee9ng r\u00f5 n\u00e9t cho ti\u1ec1m n\u0103ng v\u00e0 quy\u1ebft t\u00e2m c\u1ee7a th\u1ebf h\u1ec7 tr\u1ebb Vi\u1ec7t Nam trong vi\u1ec7c ki\u1ebfn t\u1ea1o m\u1ed9t t\u01b0\u01a1ng lai b\u1ec1n v\u1eefng. V\u1edbi s\u1ef1 th\u00e0nh c\u00f4ng v\u01b0\u1ee3t b\u1eadc c\u1ee7a ch\u01b0\u01a1ng tr\u00ecnh, hy v\u1ecdng r\u1eb1ng nh\u1eefng h\u1ea1t gi\u1ed1ng s\u00e1ng ki\u1ebfn \u0111\u01b0\u1ee3c gieo tr\u1ed3ng t\u1ea1i \u0111\u00e2y s\u1ebd n\u1ea3y m\u1ea7m v\u00e0 lan t\u1ecfa m\u1ea1nh m\u1ebd, g\u00f3p ph\u1ea7n quan tr\u1ecdng v\u00e0o h\u00e0nh tr\u00ecnh ph\u00e1t tri\u1ec3n b\u1ec1n v\u1eefng c\u1ee7a \u0111\u1ea5t n\u01b0\u1edbc. H\u00e3y c\u00f9ng ch\u1edd \u0111\u1ee3i nh\u1eefng s\u1ef1 ki\u1ec7n \u00fd ngh\u0129a ti\u1ebfp theo t\u1ea1i COMPLEX 01, n\u01a1i thanh ni\u00ean v\u00e0 nh\u1eefng gi\u00e1 tr\u1ecb b\u1ec1n v\u1eefng s\u1ebd ti\u1ebfp t\u1ee5c \u0111\u01b0\u1ee3c t\u00f4n vinh v\u00e0 ph\u00e1t tri\u1ec3n!<br><\/p>\n\n\n\n<p><\/p>\n","protected":false},"excerpt":{"rendered":"<p>Ng\u00e0y 16\/08\/2025, Ng\u00e0y h\u1ed9i S\u00e1ng ki\u1ebfn Thanh ni\u00ean v\u00ec c\u00e1c M\u1ee5c ti\u00eau Ph\u00e1t tri\u1ec3n B\u1ec1n v\u1eefng \u0111\u00e3 di\u1ec5n ra th\u00e0nh c\u00f4ng r\u1ef1c r\u1ee1 t\u1ea1i Vi\u1ec7t Nam, \u0111\u00e1nh d\u1ea5u c\u1ed9t m\u1ed1c quan tr\u1ecdng trong khu\u00f4n kh\u1ed5 c\u00e1c ho\u1ea1t \u0111\u1ed9ng k\u1ef7 ni\u1ec7m Ng\u00e0y Qu\u1ed1c t\u1ebf Thanh ni\u00ean 2025 v\u1edbi ch\u1ee7 \u0111\u1ec1 &#8220;Thanh ni\u00ean \u0111\u1ecba ph\u01b0\u01a1ng h\u00e0nh \u0111\u1ed9ng &#8230;<\/p>\n","protected":false},"author":2,"featured_media":15467,"comment_status":"open","ping_status":"closed","sticky":false,"template":"","format":"standard","meta":{"_acf_changed":false,"footnotes":""},"categories":[59],"tags":[32,33],"class_list":["post-15469","post","type-post","status-publish","format-standard","has-post-thumbnail","hentry","category-su-kien","tag-complex01-vi","tag-complex01-vn-vi"],"acf":[],"yoast_head":"<!-- This site is optimized with the Yoast SEO plugin v24.5 - https:\/\/yoast.com\/wordpress\/plugins\/seo\/ -->\n<title>The International Youth Day 2025: Local Youth Actions for the SDGs &amp; Beyond - Ng\u00e0y h\u1ed9i s\u00e1ng ki\u1ebfn thanh ni\u00ean v\u00ec c\u00e1c m\u1ee5c ti\u00eau ph\u00e1t tri\u1ec3n b\u1ec1n v\u1eefng UNESCO - COMPLEX 01<\/title>\n<meta name=\"robots\" content=\"index, follow, max-snippet:-1, max-image-preview:large, max-video-preview:-1\" \/>\n<link rel=\"canonical\" href=\"https:\/\/complex01.vn\/vi\/the-international-youth-day-2025-local-youth-actions-for-the-sdgs-beyond-youth-initiative-festival-for-sustainable-development-goals-by-unesco\/\" \/>\n<meta property=\"og:locale\" content=\"vi_VN\" \/>\n<meta property=\"og:type\" content=\"article\" \/>\n<meta property=\"og:title\" content=\"The International Youth Day 2025: Local Youth Actions for the SDGs &amp; Beyond - Ng\u00e0y h\u1ed9i s\u00e1ng ki\u1ebfn thanh ni\u00ean v\u00ec c\u00e1c m\u1ee5c ti\u00eau ph\u00e1t tri\u1ec3n b\u1ec1n v\u1eefng UNESCO - COMPLEX 01\" \/>\n<meta property=\"og:description\" content=\"Ng\u00e0y 16\/08\/2025, Ng\u00e0y h\u1ed9i S\u00e1ng ki\u1ebfn Thanh ni\u00ean v\u00ec c\u00e1c M\u1ee5c ti\u00eau Ph\u00e1t tri\u1ec3n B\u1ec1n v\u1eefng \u0111\u00e3 di\u1ec5n ra th\u00e0nh c\u00f4ng r\u1ef1c r\u1ee1 t\u1ea1i Vi\u1ec7t Nam, \u0111\u00e1nh d\u1ea5u c\u1ed9t m\u1ed1c quan tr\u1ecdng trong khu\u00f4n kh\u1ed5 c\u00e1c ho\u1ea1t \u0111\u1ed9ng k\u1ef7 ni\u1ec7m Ng\u00e0y Qu\u1ed1c t\u1ebf Thanh ni\u00ean 2025 v\u1edbi ch\u1ee7 \u0111\u1ec1 &#8220;Thanh ni\u00ean \u0111\u1ecba ph\u01b0\u01a1ng h\u00e0nh \u0111\u1ed9ng ...\" \/>\n<meta property=\"og:url\" content=\"https:\/\/complex01.vn\/vi\/the-international-youth-day-2025-local-youth-actions-for-the-sdgs-beyond-youth-initiative-festival-for-sustainable-development-goals-by-unesco\/\" \/>\n<meta property=\"og:site_name\" content=\"COMPLEX 01\" \/>\n<meta property=\"article:published_time\" content=\"2025-08-16T02:44:00+00:00\" \/>\n<meta property=\"article:modified_time\" content=\"2025-11-26T03:06:42+00:00\" \/>\n<meta property=\"og:image\" content=\"https:\/\/complex01.vn\/wp-content\/uploads\/2025\/11\/thumb.png\" \/>\n\t<meta property=\"og:image:width\" content=\"1000\" \/>\n\t<meta property=\"og:image:height\" content=\"1000\" \/>\n\t<meta property=\"og:image:type\" content=\"image\/png\" \/>\n<meta name=\"author\" content=\"admin\" \/>\n<meta name=\"twitter:card\" content=\"summary_large_image\" \/>\n<meta name=\"twitter:label1\" content=\"Written by\" \/>\n\t<meta name=\"twitter:data1\" content=\"admin\" \/>\n\t<meta name=\"twitter:label2\" content=\"Est. reading time\" \/>\n\t<meta name=\"twitter:data2\" content=\"3 minutes\" \/>\n<script type=\"application\/ld+json\" class=\"yoast-schema-graph\">{\"@context\":\"https:\/\/schema.org\",\"@graph\":[{\"@type\":\"Article\",\"@id\":\"https:\/\/complex01.vn\/vi\/the-international-youth-day-2025-local-youth-actions-for-the-sdgs-beyond-youth-initiative-festival-for-sustainable-development-goals-by-unesco\/#article\",\"isPartOf\":{\"@id\":\"https:\/\/complex01.vn\/vi\/the-international-youth-day-2025-local-youth-actions-for-the-sdgs-beyond-youth-initiative-festival-for-sustainable-development-goals-by-unesco\/\"},\"author\":{\"name\":\"admin\",\"@id\":\"https:\/\/complex01.vn\/#\/schema\/person\/bafe75b2317073a885ee70a52dc80d3e\"},\"headline\":\"The International Youth Day 2025: Local Youth Actions for the SDGs &amp; Beyond &#8211; Ng\u00e0y h\u1ed9i s\u00e1ng ki\u1ebfn thanh ni\u00ean v\u00ec c\u00e1c m\u1ee5c ti\u00eau ph\u00e1t tri\u1ec3n b\u1ec1n v\u1eefng UNESCO\",\"datePublished\":\"2025-08-16T02:44:00+00:00\",\"dateModified\":\"2025-11-26T03:06:42+00:00\",\"mainEntityOfPage\":{\"@id\":\"https:\/\/complex01.vn\/vi\/the-international-youth-day-2025-local-youth-actions-for-the-sdgs-beyond-youth-initiative-festival-for-sustainable-development-goals-by-unesco\/\"},\"wordCount\":746,\"commentCount\":0,\"publisher\":{\"@id\":\"https:\/\/complex01.vn\/#organization\"},\"image\":{\"@id\":\"https:\/\/complex01.vn\/vi\/the-international-youth-day-2025-local-youth-actions-for-the-sdgs-beyond-youth-initiative-festival-for-sustainable-development-goals-by-unesco\/#primaryimage\"},\"thumbnailUrl\":\"https:\/\/complex01.vn\/wp-content\/uploads\/2025\/11\/thumb.png\",\"keywords\":[\"complex01\",\"complex01.vn\"],\"articleSection\":[\"S\u1ef0 KI\u1ec6N\"],\"inLanguage\":\"vi-VN\",\"potentialAction\":[{\"@type\":\"CommentAction\",\"name\":\"Comment\",\"target\":[\"https:\/\/complex01.vn\/vi\/the-international-youth-day-2025-local-youth-actions-for-the-sdgs-beyond-youth-initiative-festival-for-sustainable-development-goals-by-unesco\/#respond\"]}]},{\"@type\":\"WebPage\",\"@id\":\"https:\/\/complex01.vn\/vi\/the-international-youth-day-2025-local-youth-actions-for-the-sdgs-beyond-youth-initiative-festival-for-sustainable-development-goals-by-unesco\/\",\"url\":\"https:\/\/complex01.vn\/vi\/the-international-youth-day-2025-local-youth-actions-for-the-sdgs-beyond-youth-initiative-festival-for-sustainable-development-goals-by-unesco\/\",\"name\":\"The International Youth Day 2025: Local Youth Actions for the SDGs &amp; Beyond - Ng\u00e0y h\u1ed9i s\u00e1ng ki\u1ebfn thanh ni\u00ean v\u00ec c\u00e1c m\u1ee5c ti\u00eau ph\u00e1t tri\u1ec3n b\u1ec1n v\u1eefng UNESCO - COMPLEX 01\",\"isPartOf\":{\"@id\":\"https:\/\/complex01.vn\/#website\"},\"primaryImageOfPage\":{\"@id\":\"https:\/\/complex01.vn\/vi\/the-international-youth-day-2025-local-youth-actions-for-the-sdgs-beyond-youth-initiative-festival-for-sustainable-development-goals-by-unesco\/#primaryimage\"},\"image\":{\"@id\":\"https:\/\/complex01.vn\/vi\/the-international-youth-day-2025-local-youth-actions-for-the-sdgs-beyond-youth-initiative-festival-for-sustainable-development-goals-by-unesco\/#primaryimage\"},\"thumbnailUrl\":\"https:\/\/complex01.vn\/wp-content\/uploads\/2025\/11\/thumb.png\",\"datePublished\":\"2025-08-16T02:44:00+00:00\",\"dateModified\":\"2025-11-26T03:06:42+00:00\",\"breadcrumb\":{\"@id\":\"https:\/\/complex01.vn\/vi\/the-international-youth-day-2025-local-youth-actions-for-the-sdgs-beyond-youth-initiative-festival-for-sustainable-development-goals-by-unesco\/#breadcrumb\"},\"inLanguage\":\"vi-VN\",\"potentialAction\":[{\"@type\":\"ReadAction\",\"target\":[\"https:\/\/complex01.vn\/vi\/the-international-youth-day-2025-local-youth-actions-for-the-sdgs-beyond-youth-initiative-festival-for-sustainable-development-goals-by-unesco\/\"]}]},{\"@type\":\"ImageObject\",\"inLanguage\":\"vi-VN\",\"@id\":\"https:\/\/complex01.vn\/vi\/the-international-youth-day-2025-local-youth-actions-for-the-sdgs-beyond-youth-initiative-festival-for-sustainable-development-goals-by-unesco\/#primaryimage\",\"url\":\"https:\/\/complex01.vn\/wp-content\/uploads\/2025\/11\/thumb.png\",\"contentUrl\":\"https:\/\/complex01.vn\/wp-content\/uploads\/2025\/11\/thumb.png\",\"width\":1000,\"height\":1000},{\"@type\":\"BreadcrumbList\",\"@id\":\"https:\/\/complex01.vn\/vi\/the-international-youth-day-2025-local-youth-actions-for-the-sdgs-beyond-youth-initiative-festival-for-sustainable-development-goals-by-unesco\/#breadcrumb\",\"itemListElement\":[{\"@type\":\"ListItem\",\"position\":1,\"name\":\"Home\",\"item\":\"https:\/\/complex01.vn\/vi\/\"},{\"@type\":\"ListItem\",\"position\":2,\"name\":\"The International Youth Day 2025: Local Youth Actions for the SDGs &amp; Beyond &#8211; Ng\u00e0y h\u1ed9i s\u00e1ng ki\u1ebfn thanh ni\u00ean v\u00ec c\u00e1c m\u1ee5c ti\u00eau ph\u00e1t tri\u1ec3n b\u1ec1n v\u1eefng UNESCO\"}]},{\"@type\":\"WebSite\",\"@id\":\"https:\/\/complex01.vn\/#website\",\"url\":\"https:\/\/complex01.vn\/\",\"name\":\"COMPLEX 01\",\"description\":\"Performance &amp; event venue \u00b7 Shopping &amp; retail \u00b7 Food and drink\",\"publisher\":{\"@id\":\"https:\/\/complex01.vn\/#organization\"},\"potentialAction\":[{\"@type\":\"SearchAction\",\"target\":{\"@type\":\"EntryPoint\",\"urlTemplate\":\"https:\/\/complex01.vn\/?s={search_term_string}\"},\"query-input\":{\"@type\":\"PropertyValueSpecification\",\"valueRequired\":true,\"valueName\":\"search_term_string\"}}],\"inLanguage\":\"vi-VN\"},{\"@type\":\"Organization\",\"@id\":\"https:\/\/complex01.vn\/#organization\",\"name\":\"COMPLEX 01\",\"url\":\"https:\/\/complex01.vn\/\",\"logo\":{\"@type\":\"ImageObject\",\"inLanguage\":\"vi-VN\",\"@id\":\"https:\/\/complex01.vn\/#\/schema\/logo\/image\/\",\"url\":\"https:\/\/complex01.vn\/wp-content\/uploads\/2023\/08\/social-logo.png\",\"contentUrl\":\"https:\/\/complex01.vn\/wp-content\/uploads\/2023\/08\/social-logo.png\",\"width\":61,\"height\":55,\"caption\":\"COMPLEX 01\"},\"image\":{\"@id\":\"https:\/\/complex01.vn\/#\/schema\/logo\/image\/\"}},{\"@type\":\"Person\",\"@id\":\"https:\/\/complex01.vn\/#\/schema\/person\/bafe75b2317073a885ee70a52dc80d3e\",\"name\":\"admin\",\"image\":{\"@type\":\"ImageObject\",\"inLanguage\":\"vi-VN\",\"@id\":\"https:\/\/complex01.vn\/#\/schema\/person\/image\/\",\"url\":\"https:\/\/secure.gravatar.com\/avatar\/1486c90c86b225b490f2a10710bd2515?s=96&d=mm&r=g\",\"contentUrl\":\"https:\/\/secure.gravatar.com\/avatar\/1486c90c86b225b490f2a10710bd2515?s=96&d=mm&r=g\",\"caption\":\"admin\"},\"url\":\"https:\/\/complex01.vn\/vi\/author\/admin\/\"}]}<\/script>\n<!-- \/ Yoast SEO plugin. -->","yoast_head_json":{"title":"The International Youth Day 2025: Local Youth Actions for the SDGs &amp; Beyond - Ng\u00e0y h\u1ed9i s\u00e1ng ki\u1ebfn thanh ni\u00ean v\u00ec c\u00e1c m\u1ee5c ti\u00eau ph\u00e1t tri\u1ec3n b\u1ec1n v\u1eefng UNESCO - COMPLEX 01","robots":{"index":"index","follow":"follow","max-snippet":"max-snippet:-1","max-image-preview":"max-image-preview:large","max-video-preview":"max-video-preview:-1"},"canonical":"https:\/\/complex01.vn\/vi\/the-international-youth-day-2025-local-youth-actions-for-the-sdgs-beyond-youth-initiative-festival-for-sustainable-development-goals-by-unesco\/","og_locale":"vi_VN","og_type":"article","og_title":"The International Youth Day 2025: Local Youth Actions for the SDGs &amp; Beyond - Ng\u00e0y h\u1ed9i s\u00e1ng ki\u1ebfn thanh ni\u00ean v\u00ec c\u00e1c m\u1ee5c ti\u00eau ph\u00e1t tri\u1ec3n b\u1ec1n v\u1eefng UNESCO - COMPLEX 01","og_description":"Ng\u00e0y 16\/08\/2025, Ng\u00e0y h\u1ed9i S\u00e1ng ki\u1ebfn Thanh ni\u00ean v\u00ec c\u00e1c M\u1ee5c ti\u00eau Ph\u00e1t tri\u1ec3n B\u1ec1n v\u1eefng \u0111\u00e3 di\u1ec5n ra th\u00e0nh c\u00f4ng r\u1ef1c r\u1ee1 t\u1ea1i Vi\u1ec7t Nam, \u0111\u00e1nh d\u1ea5u c\u1ed9t m\u1ed1c quan tr\u1ecdng trong khu\u00f4n kh\u1ed5 c\u00e1c ho\u1ea1t \u0111\u1ed9ng k\u1ef7 ni\u1ec7m Ng\u00e0y Qu\u1ed1c t\u1ebf Thanh ni\u00ean 2025 v\u1edbi ch\u1ee7 \u0111\u1ec1 &#8220;Thanh ni\u00ean \u0111\u1ecba ph\u01b0\u01a1ng h\u00e0nh \u0111\u1ed9ng ...","og_url":"https:\/\/complex01.vn\/vi\/the-international-youth-day-2025-local-youth-actions-for-the-sdgs-beyond-youth-initiative-festival-for-sustainable-development-goals-by-unesco\/","og_site_name":"COMPLEX 01","article_published_time":"2025-08-16T02:44:00+00:00","article_modified_time":"2025-11-26T03:06:42+00:00","og_image":[{"width":1000,"height":1000,"url":"https:\/\/complex01.vn\/wp-content\/uploads\/2025\/11\/thumb.png","type":"image\/png"}],"author":"admin","twitter_card":"summary_large_image","twitter_misc":{"Written by":"admin","Est. reading time":"3 minutes"},"schema":{"@context":"https:\/\/schema.org","@graph":[{"@type":"Article","@id":"https:\/\/complex01.vn\/vi\/the-international-youth-day-2025-local-youth-actions-for-the-sdgs-beyond-youth-initiative-festival-for-sustainable-development-goals-by-unesco\/#article","isPartOf":{"@id":"https:\/\/complex01.vn\/vi\/the-international-youth-day-2025-local-youth-actions-for-the-sdgs-beyond-youth-initiative-festival-for-sustainable-development-goals-by-unesco\/"},"author":{"name":"admin","@id":"https:\/\/complex01.vn\/#\/schema\/person\/bafe75b2317073a885ee70a52dc80d3e"},"headline":"The International Youth Day 2025: Local Youth Actions for the SDGs &amp; Beyond &#8211; Ng\u00e0y h\u1ed9i s\u00e1ng ki\u1ebfn thanh ni\u00ean v\u00ec c\u00e1c m\u1ee5c ti\u00eau ph\u00e1t tri\u1ec3n b\u1ec1n v\u1eefng UNESCO","datePublished":"2025-08-16T02:44:00+00:00","dateModified":"2025-11-26T03:06:42+00:00","mainEntityOfPage":{"@id":"https:\/\/complex01.vn\/vi\/the-international-youth-day-2025-local-youth-actions-for-the-sdgs-beyond-youth-initiative-festival-for-sustainable-development-goals-by-unesco\/"},"wordCount":746,"commentCount":0,"publisher":{"@id":"https:\/\/complex01.vn\/#organization"},"image":{"@id":"https:\/\/complex01.vn\/vi\/the-international-youth-day-2025-local-youth-actions-for-the-sdgs-beyond-youth-initiative-festival-for-sustainable-development-goals-by-unesco\/#primaryimage"},"thumbnailUrl":"https:\/\/complex01.vn\/wp-content\/uploads\/2025\/11\/thumb.png","keywords":["complex01","complex01.vn"],"articleSection":["S\u1ef0 KI\u1ec6N"],"inLanguage":"vi-VN","potentialAction":[{"@type":"CommentAction","name":"Comment","target":["https:\/\/complex01.vn\/vi\/the-international-youth-day-2025-local-youth-actions-for-the-sdgs-beyond-youth-initiative-festival-for-sustainable-development-goals-by-unesco\/#respond"]}]},{"@type":"WebPage","@id":"https:\/\/complex01.vn\/vi\/the-international-youth-day-2025-local-youth-actions-for-the-sdgs-beyond-youth-initiative-festival-for-sustainable-development-goals-by-unesco\/","url":"https:\/\/complex01.vn\/vi\/the-international-youth-day-2025-local-youth-actions-for-the-sdgs-beyond-youth-initiative-festival-for-sustainable-development-goals-by-unesco\/","name":"The International Youth Day 2025: Local Youth Actions for the SDGs &amp; Beyond - Ng\u00e0y h\u1ed9i s\u00e1ng ki\u1ebfn thanh ni\u00ean v\u00ec c\u00e1c m\u1ee5c ti\u00eau ph\u00e1t tri\u1ec3n b\u1ec1n v\u1eefng UNESCO - COMPLEX 01","isPartOf":{"@id":"https:\/\/complex01.vn\/#website"},"primaryImageOfPage":{"@id":"https:\/\/complex01.vn\/vi\/the-international-youth-day-2025-local-youth-actions-for-the-sdgs-beyond-youth-initiative-festival-for-sustainable-development-goals-by-unesco\/#primaryimage"},"image":{"@id":"https:\/\/complex01.vn\/vi\/the-international-youth-day-2025-local-youth-actions-for-the-sdgs-beyond-youth-initiative-festival-for-sustainable-development-goals-by-unesco\/#primaryimage"},"thumbnailUrl":"https:\/\/complex01.vn\/wp-content\/uploads\/2025\/11\/thumb.png","datePublished":"2025-08-16T02:44:00+00:00","dateModified":"2025-11-26T03:06:42+00:00","breadcrumb":{"@id":"https:\/\/complex01.vn\/vi\/the-international-youth-day-2025-local-youth-actions-for-the-sdgs-beyond-youth-initiative-festival-for-sustainable-development-goals-by-unesco\/#breadcrumb"},"inLanguage":"vi-VN","potentialAction":[{"@type":"ReadAction","target":["https:\/\/complex01.vn\/vi\/the-international-youth-day-2025-local-youth-actions-for-the-sdgs-beyond-youth-initiative-festival-for-sustainable-development-goals-by-unesco\/"]}]},{"@type":"ImageObject","inLanguage":"vi-VN","@id":"https:\/\/complex01.vn\/vi\/the-international-youth-day-2025-local-youth-actions-for-the-sdgs-beyond-youth-initiative-festival-for-sustainable-development-goals-by-unesco\/#primaryimage","url":"https:\/\/complex01.vn\/wp-content\/uploads\/2025\/11\/thumb.png","contentUrl":"https:\/\/complex01.vn\/wp-content\/uploads\/2025\/11\/thumb.png","width":1000,"height":1000},{"@type":"BreadcrumbList","@id":"https:\/\/complex01.vn\/vi\/the-international-youth-day-2025-local-youth-actions-for-the-sdgs-beyond-youth-initiative-festival-for-sustainable-development-goals-by-unesco\/#breadcrumb","itemListElement":[{"@type":"ListItem","position":1,"name":"Home","item":"https:\/\/complex01.vn\/vi\/"},{"@type":"ListItem","position":2,"name":"The International Youth Day 2025: Local Youth Actions for the SDGs &amp; Beyond &#8211; Ng\u00e0y h\u1ed9i s\u00e1ng ki\u1ebfn thanh ni\u00ean v\u00ec c\u00e1c m\u1ee5c ti\u00eau ph\u00e1t tri\u1ec3n b\u1ec1n v\u1eefng UNESCO"}]},{"@type":"WebSite","@id":"https:\/\/complex01.vn\/#website","url":"https:\/\/complex01.vn\/","name":"COMPLEX 01","description":"Performance &amp; event venue \u00b7 Shopping &amp; retail \u00b7 Food and drink","publisher":{"@id":"https:\/\/complex01.vn\/#organization"},"potentialAction":[{"@type":"SearchAction","target":{"@type":"EntryPoint","urlTemplate":"https:\/\/complex01.vn\/?s={search_term_string}"},"query-input":{"@type":"PropertyValueSpecification","valueRequired":true,"valueName":"search_term_string"}}],"inLanguage":"vi-VN"},{"@type":"Organization","@id":"https:\/\/complex01.vn\/#organization","name":"COMPLEX 01","url":"https:\/\/complex01.vn\/","logo":{"@type":"ImageObject","inLanguage":"vi-VN","@id":"https:\/\/complex01.vn\/#\/schema\/logo\/image\/","url":"https:\/\/complex01.vn\/wp-content\/uploads\/2023\/08\/social-logo.png","contentUrl":"https:\/\/complex01.vn\/wp-content\/uploads\/2023\/08\/social-logo.png","width":61,"height":55,"caption":"COMPLEX 01"},"image":{"@id":"https:\/\/complex01.vn\/#\/schema\/logo\/image\/"}},{"@type":"Person","@id":"https:\/\/complex01.vn\/#\/schema\/person\/bafe75b2317073a885ee70a52dc80d3e","name":"admin","image":{"@type":"ImageObject","inLanguage":"vi-VN","@id":"https:\/\/complex01.vn\/#\/schema\/person\/image\/","url":"https:\/\/secure.gravatar.com\/avatar\/1486c90c86b225b490f2a10710bd2515?s=96&d=mm&r=g","contentUrl":"https:\/\/secure.gravatar.com\/avatar\/1486c90c86b225b490f2a10710bd2515?s=96&d=mm&r=g","caption":"admin"},"url":"https:\/\/complex01.vn\/vi\/author\/admin\/"}]}},"_links":{"self":[{"href":"https:\/\/complex01.vn\/vi\/wp-json\/wp\/v2\/posts\/15469","targetHints":{"allow":["GET"]}}],"collection":[{"href":"https:\/\/complex01.vn\/vi\/wp-json\/wp\/v2\/posts"}],"about":[{"href":"https:\/\/complex01.vn\/vi\/wp-json\/wp\/v2\/types\/post"}],"author":[{"embeddable":true,"href":"https:\/\/complex01.vn\/vi\/wp-json\/wp\/v2\/users\/2"}],"replies":[{"embeddable":true,"href":"https:\/\/complex01.vn\/vi\/wp-json\/wp\/v2\/comments?post=15469"}],"version-history":[{"count":1,"href":"https:\/\/complex01.vn\/vi\/wp-json\/wp\/v2\/posts\/15469\/revisions"}],"predecessor-version":[{"id":15471,"href":"https:\/\/complex01.vn\/vi\/wp-json\/wp\/v2\/posts\/15469\/revisions\/15471"}],"wp:featuredmedia":[{"embeddable":true,"href":"https:\/\/complex01.vn\/vi\/wp-json\/wp\/v2\/media\/15467"}],"wp:attachment":[{"href":"https:\/\/complex01.vn\/vi\/wp-json\/wp\/v2\/media?parent=15469"}],"wp:term":[{"taxonomy":"category","embeddable":true,"href":"https:\/\/complex01.vn\/vi\/wp-json\/wp\/v2\/categories?post=15469"},{"taxonomy":"post_tag","embeddable":true,"href":"https:\/\/complex01.vn\/vi\/wp-json\/wp\/v2\/tags?post=15469"}],"curies":[{"name":"wp","href":"https:\/\/api.w.org\/{rel}","templated":true}]}}