{"id":3606,"date":"2023-06-16T18:49:00","date_gmt":"2023-06-16T11:49:00","guid":{"rendered":"https:\/\/complex01.vn\/pink-floyd-tribute-show-the-greatest-gig-in-the-sky\/"},"modified":"2023-08-20T23:16:08","modified_gmt":"2023-08-20T16:16:08","slug":"pink-floyd-tribute-show-the-greatest-gig-in-the-sky","status":"publish","type":"post","link":"https:\/\/complex01.vn\/vi\/pink-floyd-tribute-show-the-greatest-gig-in-the-sky\/","title":{"rendered":"Pink Floyd Tribute Show &#8211; The Greatest Gig in the Sky"},"content":{"rendered":"\n<p><strong>Name:<\/strong>&nbsp;Pink Floyd Tribute Show &#8211; The Greatest Gig in the Sky<\/p>\n\n\n\n<p><strong>Time:<\/strong>&nbsp;16\/06\/2023<\/p>\n\n\n\n<p><strong>Address:<\/strong>&nbsp;Polygon Musik<\/p>\n\n\n\n<p>\u0110\u00eam nh\u1ea1c \u0111\u01b0\u1ee3c tr\u00ecnh di\u1ec5n b\u1edfi band Floyd Stone &#8211; nh\u00e2n k\u1ef7 ni\u1ec7m 50 n\u0103m ng\u00e0y ra \u0111\u1eddi c\u1ee7a 1 trong nh\u1eefng album huy\u1ec1n tho\u1ea1i &#8220;The Dark Side of The Moon<\/p>\n\n\n\n<figure class=\"wp-block-gallery has-nested-images columns-default is-cropped wp-block-gallery-1 is-layout-flex wp-block-gallery-is-layout-flex\">\n<figure class=\"wp-block-image size-full\"><img loading=\"lazy\" decoding=\"async\" width=\"960\" height=\"541\" data-id=\"3356\" src=\"https:\/\/complex01.vn\/wp-content\/uploads\/2023\/08\/352533891_1343372289871383_8063306240594615241_n.jpg\" alt=\"\" class=\"wp-image-3356\" srcset=\"https:\/\/complex01.vn\/wp-content\/uploads\/2023\/08\/352533891_1343372289871383_8063306240594615241_n.jpg 960w, https:\/\/complex01.vn\/wp-content\/uploads\/2023\/08\/352533891_1343372289871383_8063306240594615241_n-768x432.jpg 768w\" sizes=\"auto, (max-width: 960px) 100vw, 960px\" \/><\/figure>\n<\/figure>\n\n\n\n<p>50 n\u0103m album huy\u1ec1n tho\u1ea1i ra \u0111\u1eddi &#8211; 1 d\u1ea5u m\u1ed1c \u0111\u1eb7c bi\u1ec7t kh\u00f4ng ch\u1ec9 v\u1edbi ri\u00eang Pink Floyd m\u00e0 v\u1edbi c\u1ea3 n\u1ec1n \u00e2m nh\u1ea1c th\u1ebf gi\u1edbi. M\u1ecdi l\u1eddi ca t\u1ee5ng, m\u1ecdi s\u1ef1 ph\u1ea3n bi\u1ec7n v\u1ec1 nh\u1eefng th\u00f4ng \u0111i\u1ec7p trong album n\u00e0y t\u1edbi gi\u1edd \u0111\u1ec1u l\u00e0 v\u00f4 ngh\u0129a, b\u1edfi s\u1ef1 hi\u1ec7n di\u1ec7n, s\u1ef1 th\u00e0nh c\u00f4ng c\u1ee7a n\u00f3 \u0111\u00e3 \u0111\u01b0\u1ee3c minh ch\u1ee9ng qu\u00e1 r\u00f5 r\u00e0ng b\u1eb1ng th\u1eddi gian.<\/p>\n\n\n\n<p>C\u0169ng \u0111\u00e3 l\u00e2u r\u1ed3i, Polygon Musik kh\u00f4ng c\u00f3 1 \u0111\u00eam cover show d\u00e0nh ri\u00eang cho nh\u1eefng t\u00edn \u0111\u1ed3 \u0111am m\u00ea b\u00f3ng t\u1ed1i, \u0111am m\u00ea s\u1ef1 u u\u1ea5t, l\u1eaft l\u00e9o trong \u00e2m nh\u1ea1c Pink Floyd. V\u1eady th\u00ec m\u00ecnh ki\u1ebfm c\u1edb g\u1eb7p nhau t\u1ea1i Pink Floyd tribute show &#8211;&nbsp; The Greatest Gig in the Sky 16\/06 \u0111i.<\/p>\n\n\n\n<p>Chi\u1ebfc link s\u0103n chim \u0111\u00e2y nh\u00e9:<a href=\"https:\/\/forms.gle\/EFTsa9rV4qkdprXt5?fbclid=IwAR1fs0NpE-u__RQgVtflSj2peeNjLbImkKoywt_OIy22Pb8XzemCbHrDCQE\"> <\/a><a href=\"https:\/\/forms.gle\/EFTsa9rV4qkdprXt5\">https:\/\/forms.gle\/EFTsa9rV4qkdprXt5<\/a><\/p>\n","protected":false},"excerpt":{"rendered":"<p>Name:&nbsp;Pink Floyd Tribute Show &#8211; The Greatest Gig in the Sky Time:&nbsp;16\/06\/2023 Address:&nbsp;Polygon Musik \u0110\u00eam nh\u1ea1c \u0111\u01b0\u1ee3c tr\u00ecnh di\u1ec5n b\u1edfi band Floyd Stone &#8211; nh\u00e2n k\u1ef7 ni\u1ec7m 50 n\u0103m ng\u00e0y ra \u0111\u1eddi c\u1ee7a 1 trong nh\u1eefng album huy\u1ec1n tho\u1ea1i &#8220;The Dark Side of The Moon 50 n\u0103m album huy\u1ec1n tho\u1ea1i ra \u0111\u1eddi &#8211; 1 d\u1ea5u &#8230;<\/p>\n","protected":false},"author":2,"featured_media":2341,"comment_status":"open","ping_status":"open","sticky":false,"template":"","format":"standard","meta":{"_acf_changed":false,"footnotes":""},"categories":[59],"tags":[32,33],"class_list":["post-3606","post","type-post","status-publish","format-standard","has-post-thumbnail","hentry","category-su-kien","tag-complex01-vi","tag-complex01-vn-vi"],"acf":[],"yoast_head":"<!-- This site is optimized with the Yoast SEO plugin v24.5 - https:\/\/yoast.com\/wordpress\/plugins\/seo\/ -->\n<title>Pink Floyd Tribute Show - The Greatest Gig in the Sky - COMPLEX 01<\/title>\n<meta name=\"robots\" content=\"index, follow, max-snippet:-1, max-image-preview:large, max-video-preview:-1\" \/>\n<link rel=\"canonical\" href=\"https:\/\/complex01.vn\/vi\/pink-floyd-tribute-show-the-greatest-gig-in-the-sky\/\" \/>\n<meta property=\"og:locale\" content=\"vi_VN\" \/>\n<meta property=\"og:type\" content=\"article\" \/>\n<meta property=\"og:title\" content=\"Pink Floyd Tribute Show - The Greatest Gig in the Sky - COMPLEX 01\" \/>\n<meta property=\"og:description\" content=\"Name:&nbsp;Pink Floyd Tribute Show &#8211; The Greatest Gig in the Sky Time:&nbsp;16\/06\/2023 Address:&nbsp;Polygon Musik \u0110\u00eam nh\u1ea1c \u0111\u01b0\u1ee3c tr\u00ecnh di\u1ec5n b\u1edfi band Floyd Stone &#8211; nh\u00e2n k\u1ef7 ni\u1ec7m 50 n\u0103m ng\u00e0y ra \u0111\u1eddi c\u1ee7a 1 trong nh\u1eefng album huy\u1ec1n tho\u1ea1i &#8220;The Dark Side of The Moon 50 n\u0103m album huy\u1ec1n tho\u1ea1i ra \u0111\u1eddi &#8211; 1 d\u1ea5u ...\" \/>\n<meta property=\"og:url\" content=\"https:\/\/complex01.vn\/vi\/pink-floyd-tribute-show-the-greatest-gig-in-the-sky\/\" \/>\n<meta property=\"og:site_name\" content=\"COMPLEX 01\" \/>\n<meta property=\"article:published_time\" content=\"2023-06-16T11:49:00+00:00\" \/>\n<meta property=\"article:modified_time\" content=\"2023-08-20T16:16:08+00:00\" \/>\n<meta property=\"og:image\" content=\"https:\/\/complex01.vn\/wp-content\/uploads\/2023\/06\/Pink-Floyd-Tribute-show_THUMB.jpg\" \/>\n\t<meta property=\"og:image:width\" content=\"800\" \/>\n\t<meta property=\"og:image:height\" content=\"659\" \/>\n\t<meta property=\"og:image:type\" content=\"image\/jpeg\" \/>\n<meta name=\"author\" content=\"admin\" \/>\n<meta name=\"twitter:card\" content=\"summary_large_image\" \/>\n<meta name=\"twitter:label1\" content=\"Written by\" \/>\n\t<meta name=\"twitter:data1\" content=\"admin\" \/>\n\t<meta name=\"twitter:label2\" content=\"Est. reading time\" \/>\n\t<meta name=\"twitter:data2\" content=\"1 minute\" \/>\n<script type=\"application\/ld+json\" class=\"yoast-schema-graph\">{\"@context\":\"https:\/\/schema.org\",\"@graph\":[{\"@type\":\"Article\",\"@id\":\"https:\/\/complex01.vn\/vi\/pink-floyd-tribute-show-the-greatest-gig-in-the-sky\/#article\",\"isPartOf\":{\"@id\":\"https:\/\/complex01.vn\/vi\/pink-floyd-tribute-show-the-greatest-gig-in-the-sky\/\"},\"author\":{\"name\":\"admin\",\"@id\":\"https:\/\/complex01.vn\/#\/schema\/person\/bafe75b2317073a885ee70a52dc80d3e\"},\"headline\":\"Pink Floyd Tribute Show &#8211; The Greatest Gig in the Sky\",\"datePublished\":\"2023-06-16T11:49:00+00:00\",\"dateModified\":\"2023-08-20T16:16:08+00:00\",\"mainEntityOfPage\":{\"@id\":\"https:\/\/complex01.vn\/vi\/pink-floyd-tribute-show-the-greatest-gig-in-the-sky\/\"},\"wordCount\":255,\"commentCount\":0,\"publisher\":{\"@id\":\"https:\/\/complex01.vn\/#organization\"},\"image\":{\"@id\":\"https:\/\/complex01.vn\/vi\/pink-floyd-tribute-show-the-greatest-gig-in-the-sky\/#primaryimage\"},\"thumbnailUrl\":\"https:\/\/complex01.vn\/wp-content\/uploads\/2023\/06\/Pink-Floyd-Tribute-show_THUMB.jpg\",\"keywords\":[\"complex01\",\"complex01.vn\"],\"articleSection\":[\"S\u1ef0 KI\u1ec6N\"],\"inLanguage\":\"vi-VN\",\"potentialAction\":[{\"@type\":\"CommentAction\",\"name\":\"Comment\",\"target\":[\"https:\/\/complex01.vn\/vi\/pink-floyd-tribute-show-the-greatest-gig-in-the-sky\/#respond\"]}]},{\"@type\":\"WebPage\",\"@id\":\"https:\/\/complex01.vn\/vi\/pink-floyd-tribute-show-the-greatest-gig-in-the-sky\/\",\"url\":\"https:\/\/complex01.vn\/vi\/pink-floyd-tribute-show-the-greatest-gig-in-the-sky\/\",\"name\":\"Pink Floyd Tribute Show - The Greatest Gig in the Sky - COMPLEX 01\",\"isPartOf\":{\"@id\":\"https:\/\/complex01.vn\/#website\"},\"primaryImageOfPage\":{\"@id\":\"https:\/\/complex01.vn\/vi\/pink-floyd-tribute-show-the-greatest-gig-in-the-sky\/#primaryimage\"},\"image\":{\"@id\":\"https:\/\/complex01.vn\/vi\/pink-floyd-tribute-show-the-greatest-gig-in-the-sky\/#primaryimage\"},\"thumbnailUrl\":\"https:\/\/complex01.vn\/wp-content\/uploads\/2023\/06\/Pink-Floyd-Tribute-show_THUMB.jpg\",\"datePublished\":\"2023-06-16T11:49:00+00:00\",\"dateModified\":\"2023-08-20T16:16:08+00:00\",\"breadcrumb\":{\"@id\":\"https:\/\/complex01.vn\/vi\/pink-floyd-tribute-show-the-greatest-gig-in-the-sky\/#breadcrumb\"},\"inLanguage\":\"vi-VN\",\"potentialAction\":[{\"@type\":\"ReadAction\",\"target\":[\"https:\/\/complex01.vn\/vi\/pink-floyd-tribute-show-the-greatest-gig-in-the-sky\/\"]}]},{\"@type\":\"ImageObject\",\"inLanguage\":\"vi-VN\",\"@id\":\"https:\/\/complex01.vn\/vi\/pink-floyd-tribute-show-the-greatest-gig-in-the-sky\/#primaryimage\",\"url\":\"https:\/\/complex01.vn\/wp-content\/uploads\/2023\/06\/Pink-Floyd-Tribute-show_THUMB.jpg\",\"contentUrl\":\"https:\/\/complex01.vn\/wp-content\/uploads\/2023\/06\/Pink-Floyd-Tribute-show_THUMB.jpg\",\"width\":800,\"height\":659},{\"@type\":\"BreadcrumbList\",\"@id\":\"https:\/\/complex01.vn\/vi\/pink-floyd-tribute-show-the-greatest-gig-in-the-sky\/#breadcrumb\",\"itemListElement\":[{\"@type\":\"ListItem\",\"position\":1,\"name\":\"Home\",\"item\":\"https:\/\/complex01.vn\/vi\/\"},{\"@type\":\"ListItem\",\"position\":2,\"name\":\"Pink Floyd Tribute Show &#8211; The Greatest Gig in the Sky\"}]},{\"@type\":\"WebSite\",\"@id\":\"https:\/\/complex01.vn\/#website\",\"url\":\"https:\/\/complex01.vn\/\",\"name\":\"COMPLEX 01\",\"description\":\"Performance &amp; event venue \u00b7 Shopping &amp; retail \u00b7 Food and drink\",\"publisher\":{\"@id\":\"https:\/\/complex01.vn\/#organization\"},\"potentialAction\":[{\"@type\":\"SearchAction\",\"target\":{\"@type\":\"EntryPoint\",\"urlTemplate\":\"https:\/\/complex01.vn\/?s={search_term_string}\"},\"query-input\":{\"@type\":\"PropertyValueSpecification\",\"valueRequired\":true,\"valueName\":\"search_term_string\"}}],\"inLanguage\":\"vi-VN\"},{\"@type\":\"Organization\",\"@id\":\"https:\/\/complex01.vn\/#organization\",\"name\":\"COMPLEX 01\",\"url\":\"https:\/\/complex01.vn\/\",\"logo\":{\"@type\":\"ImageObject\",\"inLanguage\":\"vi-VN\",\"@id\":\"https:\/\/complex01.vn\/#\/schema\/logo\/image\/\",\"url\":\"https:\/\/complex01.vn\/wp-content\/uploads\/2023\/08\/social-logo.png\",\"contentUrl\":\"https:\/\/complex01.vn\/wp-content\/uploads\/2023\/08\/social-logo.png\",\"width\":61,\"height\":55,\"caption\":\"COMPLEX 01\"},\"image\":{\"@id\":\"https:\/\/complex01.vn\/#\/schema\/logo\/image\/\"}},{\"@type\":\"Person\",\"@id\":\"https:\/\/complex01.vn\/#\/schema\/person\/bafe75b2317073a885ee70a52dc80d3e\",\"name\":\"admin\",\"image\":{\"@type\":\"ImageObject\",\"inLanguage\":\"vi-VN\",\"@id\":\"https:\/\/complex01.vn\/#\/schema\/person\/image\/\",\"url\":\"https:\/\/secure.gravatar.com\/avatar\/1486c90c86b225b490f2a10710bd2515?s=96&d=mm&r=g\",\"contentUrl\":\"https:\/\/secure.gravatar.com\/avatar\/1486c90c86b225b490f2a10710bd2515?s=96&d=mm&r=g\",\"caption\":\"admin\"},\"url\":\"https:\/\/complex01.vn\/vi\/author\/admin\/\"}]}<\/script>\n<!-- \/ Yoast SEO plugin. -->","yoast_head_json":{"title":"Pink Floyd Tribute Show - The Greatest Gig in the Sky - COMPLEX 01","robots":{"index":"index","follow":"follow","max-snippet":"max-snippet:-1","max-image-preview":"max-image-preview:large","max-video-preview":"max-video-preview:-1"},"canonical":"https:\/\/complex01.vn\/vi\/pink-floyd-tribute-show-the-greatest-gig-in-the-sky\/","og_locale":"vi_VN","og_type":"article","og_title":"Pink Floyd Tribute Show - The Greatest Gig in the Sky - COMPLEX 01","og_description":"Name:&nbsp;Pink Floyd Tribute Show &#8211; The Greatest Gig in the Sky Time:&nbsp;16\/06\/2023 Address:&nbsp;Polygon Musik \u0110\u00eam nh\u1ea1c \u0111\u01b0\u1ee3c tr\u00ecnh di\u1ec5n b\u1edfi band Floyd Stone &#8211; nh\u00e2n k\u1ef7 ni\u1ec7m 50 n\u0103m ng\u00e0y ra \u0111\u1eddi c\u1ee7a 1 trong nh\u1eefng album huy\u1ec1n tho\u1ea1i &#8220;The Dark Side of The Moon 50 n\u0103m album huy\u1ec1n tho\u1ea1i ra \u0111\u1eddi &#8211; 1 d\u1ea5u ...","og_url":"https:\/\/complex01.vn\/vi\/pink-floyd-tribute-show-the-greatest-gig-in-the-sky\/","og_site_name":"COMPLEX 01","article_published_time":"2023-06-16T11:49:00+00:00","article_modified_time":"2023-08-20T16:16:08+00:00","og_image":[{"width":800,"height":659,"url":"https:\/\/complex01.vn\/wp-content\/uploads\/2023\/06\/Pink-Floyd-Tribute-show_THUMB.jpg","type":"image\/jpeg"}],"author":"admin","twitter_card":"summary_large_image","twitter_misc":{"Written by":"admin","Est. reading time":"1 minute"},"schema":{"@context":"https:\/\/schema.org","@graph":[{"@type":"Article","@id":"https:\/\/complex01.vn\/vi\/pink-floyd-tribute-show-the-greatest-gig-in-the-sky\/#article","isPartOf":{"@id":"https:\/\/complex01.vn\/vi\/pink-floyd-tribute-show-the-greatest-gig-in-the-sky\/"},"author":{"name":"admin","@id":"https:\/\/complex01.vn\/#\/schema\/person\/bafe75b2317073a885ee70a52dc80d3e"},"headline":"Pink Floyd Tribute Show &#8211; The Greatest Gig in the Sky","datePublished":"2023-06-16T11:49:00+00:00","dateModified":"2023-08-20T16:16:08+00:00","mainEntityOfPage":{"@id":"https:\/\/complex01.vn\/vi\/pink-floyd-tribute-show-the-greatest-gig-in-the-sky\/"},"wordCount":255,"commentCount":0,"publisher":{"@id":"https:\/\/complex01.vn\/#organization"},"image":{"@id":"https:\/\/complex01.vn\/vi\/pink-floyd-tribute-show-the-greatest-gig-in-the-sky\/#primaryimage"},"thumbnailUrl":"https:\/\/complex01.vn\/wp-content\/uploads\/2023\/06\/Pink-Floyd-Tribute-show_THUMB.jpg","keywords":["complex01","complex01.vn"],"articleSection":["S\u1ef0 KI\u1ec6N"],"inLanguage":"vi-VN","potentialAction":[{"@type":"CommentAction","name":"Comment","target":["https:\/\/complex01.vn\/vi\/pink-floyd-tribute-show-the-greatest-gig-in-the-sky\/#respond"]}]},{"@type":"WebPage","@id":"https:\/\/complex01.vn\/vi\/pink-floyd-tribute-show-the-greatest-gig-in-the-sky\/","url":"https:\/\/complex01.vn\/vi\/pink-floyd-tribute-show-the-greatest-gig-in-the-sky\/","name":"Pink Floyd Tribute Show - The Greatest Gig in the Sky - COMPLEX 01","isPartOf":{"@id":"https:\/\/complex01.vn\/#website"},"primaryImageOfPage":{"@id":"https:\/\/complex01.vn\/vi\/pink-floyd-tribute-show-the-greatest-gig-in-the-sky\/#primaryimage"},"image":{"@id":"https:\/\/complex01.vn\/vi\/pink-floyd-tribute-show-the-greatest-gig-in-the-sky\/#primaryimage"},"thumbnailUrl":"https:\/\/complex01.vn\/wp-content\/uploads\/2023\/06\/Pink-Floyd-Tribute-show_THUMB.jpg","datePublished":"2023-06-16T11:49:00+00:00","dateModified":"2023-08-20T16:16:08+00:00","breadcrumb":{"@id":"https:\/\/complex01.vn\/vi\/pink-floyd-tribute-show-the-greatest-gig-in-the-sky\/#breadcrumb"},"inLanguage":"vi-VN","potentialAction":[{"@type":"ReadAction","target":["https:\/\/complex01.vn\/vi\/pink-floyd-tribute-show-the-greatest-gig-in-the-sky\/"]}]},{"@type":"ImageObject","inLanguage":"vi-VN","@id":"https:\/\/complex01.vn\/vi\/pink-floyd-tribute-show-the-greatest-gig-in-the-sky\/#primaryimage","url":"https:\/\/complex01.vn\/wp-content\/uploads\/2023\/06\/Pink-Floyd-Tribute-show_THUMB.jpg","contentUrl":"https:\/\/complex01.vn\/wp-content\/uploads\/2023\/06\/Pink-Floyd-Tribute-show_THUMB.jpg","width":800,"height":659},{"@type":"BreadcrumbList","@id":"https:\/\/complex01.vn\/vi\/pink-floyd-tribute-show-the-greatest-gig-in-the-sky\/#breadcrumb","itemListElement":[{"@type":"ListItem","position":1,"name":"Home","item":"https:\/\/complex01.vn\/vi\/"},{"@type":"ListItem","position":2,"name":"Pink Floyd Tribute Show &#8211; The Greatest Gig in the Sky"}]},{"@type":"WebSite","@id":"https:\/\/complex01.vn\/#website","url":"https:\/\/complex01.vn\/","name":"COMPLEX 01","description":"Performance &amp; event venue \u00b7 Shopping &amp; retail \u00b7 Food and drink","publisher":{"@id":"https:\/\/complex01.vn\/#organization"},"potentialAction":[{"@type":"SearchAction","target":{"@type":"EntryPoint","urlTemplate":"https:\/\/complex01.vn\/?s={search_term_string}"},"query-input":{"@type":"PropertyValueSpecification","valueRequired":true,"valueName":"search_term_string"}}],"inLanguage":"vi-VN"},{"@type":"Organization","@id":"https:\/\/complex01.vn\/#organization","name":"COMPLEX 01","url":"https:\/\/complex01.vn\/","logo":{"@type":"ImageObject","inLanguage":"vi-VN","@id":"https:\/\/complex01.vn\/#\/schema\/logo\/image\/","url":"https:\/\/complex01.vn\/wp-content\/uploads\/2023\/08\/social-logo.png","contentUrl":"https:\/\/complex01.vn\/wp-content\/uploads\/2023\/08\/social-logo.png","width":61,"height":55,"caption":"COMPLEX 01"},"image":{"@id":"https:\/\/complex01.vn\/#\/schema\/logo\/image\/"}},{"@type":"Person","@id":"https:\/\/complex01.vn\/#\/schema\/person\/bafe75b2317073a885ee70a52dc80d3e","name":"admin","image":{"@type":"ImageObject","inLanguage":"vi-VN","@id":"https:\/\/complex01.vn\/#\/schema\/person\/image\/","url":"https:\/\/secure.gravatar.com\/avatar\/1486c90c86b225b490f2a10710bd2515?s=96&d=mm&r=g","contentUrl":"https:\/\/secure.gravatar.com\/avatar\/1486c90c86b225b490f2a10710bd2515?s=96&d=mm&r=g","caption":"admin"},"url":"https:\/\/complex01.vn\/vi\/author\/admin\/"}]}},"_links":{"self":[{"href":"https:\/\/complex01.vn\/vi\/wp-json\/wp\/v2\/posts\/3606","targetHints":{"allow":["GET"]}}],"collection":[{"href":"https:\/\/complex01.vn\/vi\/wp-json\/wp\/v2\/posts"}],"about":[{"href":"https:\/\/complex01.vn\/vi\/wp-json\/wp\/v2\/types\/post"}],"author":[{"embeddable":true,"href":"https:\/\/complex01.vn\/vi\/wp-json\/wp\/v2\/users\/2"}],"replies":[{"embeddable":true,"href":"https:\/\/complex01.vn\/vi\/wp-json\/wp\/v2\/comments?post=3606"}],"version-history":[{"count":1,"href":"https:\/\/complex01.vn\/vi\/wp-json\/wp\/v2\/posts\/3606\/revisions"}],"predecessor-version":[{"id":3607,"href":"https:\/\/complex01.vn\/vi\/wp-json\/wp\/v2\/posts\/3606\/revisions\/3607"}],"wp:featuredmedia":[{"embeddable":true,"href":"https:\/\/complex01.vn\/vi\/wp-json\/wp\/v2\/media\/2341"}],"wp:attachment":[{"href":"https:\/\/complex01.vn\/vi\/wp-json\/wp\/v2\/media?parent=3606"}],"wp:term":[{"taxonomy":"category","embeddable":true,"href":"https:\/\/complex01.vn\/vi\/wp-json\/wp\/v2\/categories?post=3606"},{"taxonomy":"post_tag","embeddable":true,"href":"https:\/\/complex01.vn\/vi\/wp-json\/wp\/v2\/tags?post=3606"}],"curies":[{"name":"wp","href":"https:\/\/api.w.org\/{rel}","templated":true}]}}