{"id":4049,"date":"2023-08-19T15:05:56","date_gmt":"2023-08-19T08:05:56","guid":{"rendered":"https:\/\/complex01.vn\/mac-and-the-odd-stones-first-last-miniconcert\/"},"modified":"2023-09-27T15:09:21","modified_gmt":"2023-09-27T08:09:21","slug":"mac-and-the-odd-stones-first-last-miniconcert","status":"publish","type":"post","link":"https:\/\/complex01.vn\/vi\/mac-and-the-odd-stones-first-last-miniconcert\/","title":{"rendered":"M\u1ea1c and the Odd Stones &#8211; First &amp; Last Miniconcert"},"content":{"rendered":"\n<p><strong>Time:<\/strong>&nbsp;19\/08\/2023<\/p>\n\n\n\n<p><strong>Address:<\/strong>&nbsp;Polygon Musik<\/p>\n\n\n\n<p>C\u01a1 duy\u00ean \u0111\u01b0a<a href=\"https:\/\/www.facebook.com\/macandtheoddstones?__cft__%5B0%5D=AZU9DOgx65TjcmYHNCRgY30W3tc0_QUhQO6LsAGjroJvlrEJUdemJ9YDf61764Q3PJES-9tYhki9lF8qlEeWvf7dH4_GenfAakcAOPbF-E5r1ZqKJad7i7dSu4_qz7Q3cQJRNd_1UUrXY33UKu51na0sqfMpisprwGMfDQ5pAHMcj621C4VKMWFI9ThYU-pDEfk&amp;__tn__=-%5DK-R\"> <\/a>M\u1ea1c and the Odd Stones \u0111\u1ebfn v\u1edbi<a href=\"https:\/\/www.facebook.com\/polygon.cafe?__cft__%5B0%5D=AZU9DOgx65TjcmYHNCRgY30W3tc0_QUhQO6LsAGjroJvlrEJUdemJ9YDf61764Q3PJES-9tYhki9lF8qlEeWvf7dH4_GenfAakcAOPbF-E5r1ZqKJad7i7dSu4_qz7Q3cQJRNd_1UUrXY33UKu51na0sqfMpisprwGMfDQ5pAHMcj621C4VKMWFI9ThYU-pDEfk&amp;__tn__=-%5DK-R\"> <\/a>Polygon Musik ch\u00ednh l\u00e0 v\u00e0o 1 ng\u00e0y th\u00e1ng 6, khi MATOS l\u00e0m kh\u00e1ch m\u1eddi cho \u0111\u00eam nh\u1ea1c c\u1ee7a nh\u00f3m nh\u1ea1c Ph\u00e1p the Rodeo. V\u00e0 ngay sau \u0111\u00f3, quy\u1ebft \u0111\u1ecbnh ra \u0111\u1eddi miniconcert \u0111\u1ebfn nhanh nh\u01b0 \u0111i\u1ec7n gi\u1eadt.<\/p>\n\n\n\n<p>M\u1ea1c Mai S\u01b0\u01a1ng ch\u00ednh l\u00e0 ng\u01b0\u1eddi kh\u1edfi x\u01b0\u1edbng project MATOS &#8211; m\u1ed7i th\u00e0nh vi\u00ean \u0111\u1ec1u \u0111\u00e3 l\u00e0 1 nh\u00e2n t\u1ed1 trong c\u00e1c ban nh\u1ea1c tr\u1ebb kh\u00e1c t\u1ea1i H\u00e0 N\u1ed9i v\u00e0 b\u1ecb S\u01b0\u01a1ng &#8220;l\u00f4i k\u00e9o th\u1ef1c hi\u1ec7n h\u00e0nh vi \u00e2m nh\u1ea1c&#8221; c\u00f9ng m\u00ecnh sau g\u1ea7n 10 n\u0103m S\u01b0\u01a1ng s\u00e1ng t\u00e1c v\u00e0 ca h\u00e1t. Kh\u00f4ng ch\u1ec9 \u0111\u01a1n gi\u1ea3n l\u00e0 t\u00ean g\u1ecdi, &#8220;Odd Stones&#8221; c\u00f2n th\u1ec3 hi\u1ec7n c\u00e1 t\u00ednh &#8220;k\u1ef3 c\u1ee5c&#8221; ri\u00eang c\u1ee7a m\u1ed7i m\u1ea3nh gh\u00e9p t\u1ea1i MATOS &#8211; v\u00e0 nhi\u1ec1u c\u00e1 t\u00ednh ri\u00eang \u1ea5y \u0111\u00e3 l\u00e0m n\u00ean nh\u1eefng s\u1ea3n ph\u1ea9m \u00e2m nh\u1ea1c \u0111a d\u1ea1ng t\u1eeb ballad, soul, funk t\u1edbi alternative. \u00c2m nh\u1ea1c c\u1ee7a MATOS th\u1ef1c s\u1ef1 hay, th\u00fa v\u1ecb v\u00e0 r\u1ea5t ri\u00eang.<\/p>\n\n\n\n<figure class=\"wp-block-image size-large\"><img loading=\"lazy\" decoding=\"async\" width=\"1024\" height=\"1024\" src=\"https:\/\/complex01.vn\/wp-content\/uploads\/2023\/09\/368193819_663058845854085_6203266788695863835_n-1024x1024.jpg\" alt=\"\" class=\"wp-image-4046\" srcset=\"https:\/\/complex01.vn\/wp-content\/uploads\/2023\/09\/368193819_663058845854085_6203266788695863835_n-1024x1024.jpg 1024w, https:\/\/complex01.vn\/wp-content\/uploads\/2023\/09\/368193819_663058845854085_6203266788695863835_n-300x300.jpg 300w, https:\/\/complex01.vn\/wp-content\/uploads\/2023\/09\/368193819_663058845854085_6203266788695863835_n-150x150.jpg 150w, https:\/\/complex01.vn\/wp-content\/uploads\/2023\/09\/368193819_663058845854085_6203266788695863835_n-1536x1536.jpg 1536w, https:\/\/complex01.vn\/wp-content\/uploads\/2023\/09\/368193819_663058845854085_6203266788695863835_n-2048x2048.jpg 2048w\" sizes=\"auto, (max-width: 1024px) 100vw, 1024px\" \/><\/figure>\n\n\n\n<p>Th\u1ebf nh\u01b0ng, c\u00e1i b\u1eaft tay gi\u1eefa Polygon v\u00e0 MATOS l\u1ea1i l\u00e0 c\u00e1i b\u1eaft tay \u0111\u1ea7u ti\u00ean v\u00e0 cu\u1ed1i c\u00f9ng, \u0111\u00eam nh\u1ea1c l\u1ea7n n\u00e0y c\u0169ng l\u00e0 mini concert \u0111\u1ea7u ti\u00ean v\u00e0 cu\u1ed1i c\u00f9ng c\u1ee7a MATOS d\u01b0\u1edbi c\u00e1i t\u00ean n\u00e0y, b\u1edfi ch\u00ednh M\u1ea1c Mai S\u01b0\u01a1ng c\u00f9ng c\u00e1c th\u00e0nh vi\u00ean kh\u00e1c \u0111\u1ec1u \u0111ang \u1ea5p \u1ee7 cho m\u00ecnh nh\u1eefng d\u1ef1 \u0111\u1ecbnh \u00e2m nh\u1ea1c \u0111\u1ed9t ph\u00e1 trong th\u1eddi gian t\u1edbi. Tuy nhi\u00ean, c\u00e1c fan c\u1ee7a MATOS \u0111\u1eebng bu\u1ed3n, v\u00ec m\u1ed7i th\u00e0nh vi\u00ean ph\u00e1t tri\u1ec3n \u0111\u01b0\u1ee3c theo 1 h\u01b0\u1edbng ri\u00eang l\u00e0 1 \u0111i\u1ec1u t\u1ed1t v\u00e0 bi\u1ebft \u0111\u00e2u sau khi \u0111\u00e3 bay nh\u1ea3y ch\u00e1n ch\u00ea, h\u1ecd s\u1ebd l\u1ea1i t\u00ecm v\u1ec1 nhau&#8230; \u0110\u00f3 l\u00e0 duy\u00ean m\u00e0.<\/p>\n\n\n\n<p>\u0110\u1ec3 thay cho l\u1eddi c\u1ea3m \u01a1n gi\u1eefa c\u00e1c th\u00e0nh vi\u00ean v\u1edbi nhau v\u00ec ch\u1eb7ng \u0111\u01b0\u1eddng h\u1ecd \u0111\u00e3 \u0111i c\u00f9ng nhau, c\u0169ng nh\u01b0 tri \u00e2n s\u1ef1 \u1ee7ng h\u1ed9 c\u1ee7a kh\u00e1n gi\u1ea3 su\u1ed1t 4 n\u0103m qua, h\u01a1n 2 ti\u1ebfng \u0111\u1ed3ng h\u1ed3 tr\u00ean s\u00e2n kh\u1ea5u Polygon ng\u00e0y 19\/08 &#8211; MATOS s\u1ebd ch\u00e1y h\u1ebft m\u00ecnh.<\/p>\n\n\n\n<p>KH\u00c1CH M\u1edcI \u0110\u1eb6C BI\u1ec6T: &#8220;m\u1ed1i&#8221; &#8211; 1 band indie rock tr\u1ebb v\u1edbi 2 th\u00e0nh vi\u00ean Ho\u00e0ng v\u00e0 Nam Thi\u00ean.<\/p>\n\n\n\n<p>Link s\u1ef1 ki\u1ec7n:<a href=\"https:\/\/l.facebook.com\/l.php?u=https%3A%2F%2Ffb.me%2Fe%2F1oIDZMbDz&amp;h=AT10i5Mt9I2ebFYsStkmJjf9bbVxyY9tUX_1c1Gu7-ED9TBspzB4ElCMmvsdGA1PCHLELQDG2Tq5ITFHg2C9TlbMKI3FzTfdXfEu0c9TLGu_x8V63Kj0Ts2-5u0LAl_fXA8F&amp;__tn__=-UK-R&amp;c%5B0%5D=AT0CY79HAvLgpnXmcwXvXTR9Rx3HkFhys82r579ac7PshArhjHRZBFjJZDSF_SbvWeez3tELpxjVuuaAcfjmnOO-QVYcu4vNNPbtw_Uu5KLqNGG2ykCbU6at85gfbQaOOygO0f2z4FnAGcSxtS5VoZ5r2sWghsl2DoegtJtId2_xMwl7hDSAhhgX2aL9pOyDhCJKTMUG4iQw\"> <\/a><a href=\"https:\/\/l.facebook.com\/l.php?u=https%3A%2F%2Ffb.me%2Fe%2F1oIDZMbDz&amp;h=AT10i5Mt9I2ebFYsStkmJjf9bbVxyY9tUX_1c1Gu7-ED9TBspzB4ElCMmvsdGA1PCHLELQDG2Tq5ITFHg2C9TlbMKI3FzTfdXfEu0c9TLGu_x8V63Kj0Ts2-5u0LAl_fXA8F&amp;__tn__=-UK-R&amp;c%5B0%5D=AT0CY79HAvLgpnXmcwXvXTR9Rx3HkFhys82r579ac7PshArhjHRZBFjJZDSF_SbvWeez3tELpxjVuuaAcfjmnOO-QVYcu4vNNPbtw_Uu5KLqNGG2ykCbU6at85gfbQaOOygO0f2z4FnAGcSxtS5VoZ5r2sWghsl2DoegtJtId2_xMwl7hDSAhhgX2aL9pOyDhCJKTMUG4iQw\">https:\/\/fb.me\/e\/1oIDZMbDz<\/a><\/p>\n\n\n\n<p>Link \u0111\u0103ng k\u00fd:<a href=\"https:\/\/l.facebook.com\/l.php?u=https%3A%2F%2Fforms.gle%2FQgxk7Y2mCJjTCgyP7%3Ffbclid%3DIwAR0U_8w8XVYLLUX4qV6znhXhS3CZIL6QuG1TaSBaX5VxbPbQDtZD7PrqvIU&amp;h=AT06gLF_X7F7G4CGligFRhEMQuEi6-doDp2kml_3y403d_F6a8Bvn7hTa2Pl2CutOYKTAb7intksMN6OKyIihlM5cDzag3x_rIkISGTlpI7C41UOJ24LT6Mmg0G-1TXjBYBC&amp;__tn__=-UK-R&amp;c%5B0%5D=AT0CY79HAvLgpnXmcwXvXTR9Rx3HkFhys82r579ac7PshArhjHRZBFjJZDSF_SbvWeez3tELpxjVuuaAcfjmnOO-QVYcu4vNNPbtw_Uu5KLqNGG2ykCbU6at85gfbQaOOygO0f2z4FnAGcSxtS5VoZ5r2sWghsl2DoegtJtId2_xMwl7hDSAhhgX2aL9pOyDhCJKTMUG4iQw\"> <\/a><a href=\"https:\/\/l.facebook.com\/l.php?u=https%3A%2F%2Fforms.gle%2FQgxk7Y2mCJjTCgyP7%3Ffbclid%3DIwAR0U_8w8XVYLLUX4qV6znhXhS3CZIL6QuG1TaSBaX5VxbPbQDtZD7PrqvIU&amp;h=AT06gLF_X7F7G4CGligFRhEMQuEi6-doDp2kml_3y403d_F6a8Bvn7hTa2Pl2CutOYKTAb7intksMN6OKyIihlM5cDzag3x_rIkISGTlpI7C41UOJ24LT6Mmg0G-1TXjBYBC&amp;__tn__=-UK-R&amp;c%5B0%5D=AT0CY79HAvLgpnXmcwXvXTR9Rx3HkFhys82r579ac7PshArhjHRZBFjJZDSF_SbvWeez3tELpxjVuuaAcfjmnOO-QVYcu4vNNPbtw_Uu5KLqNGG2ykCbU6at85gfbQaOOygO0f2z4FnAGcSxtS5VoZ5r2sWghsl2DoegtJtId2_xMwl7hDSAhhgX2aL9pOyDhCJKTMUG4iQw\">https:\/\/forms.gle\/Qgxk7Y2mCJjTCgyP7<\/a><\/p>\n","protected":false},"excerpt":{"rendered":"<p>Time:&nbsp;19\/08\/2023 Address:&nbsp;Polygon Musik C\u01a1 duy\u00ean \u0111\u01b0a M\u1ea1c and the Odd Stones \u0111\u1ebfn v\u1edbi Polygon Musik ch\u00ednh l\u00e0 v\u00e0o 1 ng\u00e0y th\u00e1ng 6, khi MATOS l\u00e0m kh\u00e1ch m\u1eddi cho \u0111\u00eam nh\u1ea1c c\u1ee7a nh\u00f3m nh\u1ea1c Ph\u00e1p the Rodeo. V\u00e0 ngay sau \u0111\u00f3, quy\u1ebft \u0111\u1ecbnh ra \u0111\u1eddi miniconcert \u0111\u1ebfn nhanh nh\u01b0 \u0111i\u1ec7n gi\u1eadt. M\u1ea1c Mai S\u01b0\u01a1ng ch\u00ednh l\u00e0 &#8230;<\/p>\n","protected":false},"author":2,"featured_media":4045,"comment_status":"open","ping_status":"open","sticky":false,"template":"","format":"standard","meta":{"_acf_changed":false,"footnotes":""},"categories":[59],"tags":[32,33],"class_list":["post-4049","post","type-post","status-publish","format-standard","has-post-thumbnail","hentry","category-su-kien","tag-complex01-vi","tag-complex01-vn-vi"],"acf":[],"yoast_head":"<!-- This site is optimized with the Yoast SEO plugin v24.5 - https:\/\/yoast.com\/wordpress\/plugins\/seo\/ -->\n<title>M\u1ea1c and the Odd Stones - First &amp; Last Miniconcert - COMPLEX 01<\/title>\n<meta name=\"robots\" content=\"index, follow, max-snippet:-1, max-image-preview:large, max-video-preview:-1\" \/>\n<link rel=\"canonical\" href=\"https:\/\/complex01.vn\/vi\/mac-and-the-odd-stones-first-last-miniconcert\/\" \/>\n<meta property=\"og:locale\" content=\"vi_VN\" \/>\n<meta property=\"og:type\" content=\"article\" \/>\n<meta property=\"og:title\" content=\"M\u1ea1c and the Odd Stones - First &amp; Last Miniconcert - COMPLEX 01\" \/>\n<meta property=\"og:description\" content=\"Time:&nbsp;19\/08\/2023 Address:&nbsp;Polygon Musik C\u01a1 duy\u00ean \u0111\u01b0a M\u1ea1c and the Odd Stones \u0111\u1ebfn v\u1edbi Polygon Musik ch\u00ednh l\u00e0 v\u00e0o 1 ng\u00e0y th\u00e1ng 6, khi MATOS l\u00e0m kh\u00e1ch m\u1eddi cho \u0111\u00eam nh\u1ea1c c\u1ee7a nh\u00f3m nh\u1ea1c Ph\u00e1p the Rodeo. V\u00e0 ngay sau \u0111\u00f3, quy\u1ebft \u0111\u1ecbnh ra \u0111\u1eddi miniconcert \u0111\u1ebfn nhanh nh\u01b0 \u0111i\u1ec7n gi\u1eadt. M\u1ea1c Mai S\u01b0\u01a1ng ch\u00ednh l\u00e0 ...\" \/>\n<meta property=\"og:url\" content=\"https:\/\/complex01.vn\/vi\/mac-and-the-odd-stones-first-last-miniconcert\/\" \/>\n<meta property=\"og:site_name\" content=\"COMPLEX 01\" \/>\n<meta property=\"article:published_time\" content=\"2023-08-19T08:05:56+00:00\" \/>\n<meta property=\"article:modified_time\" content=\"2023-09-27T08:09:21+00:00\" \/>\n<meta property=\"og:image\" content=\"https:\/\/complex01.vn\/wp-content\/uploads\/2023\/09\/368197237_663058835854086_8901835810722567621_n.jpg\" \/>\n\t<meta property=\"og:image:width\" content=\"1367\" \/>\n\t<meta property=\"og:image:height\" content=\"960\" \/>\n\t<meta property=\"og:image:type\" content=\"image\/jpeg\" \/>\n<meta name=\"author\" content=\"admin\" \/>\n<meta name=\"twitter:card\" content=\"summary_large_image\" \/>\n<meta name=\"twitter:label1\" content=\"Written by\" \/>\n\t<meta name=\"twitter:data1\" content=\"admin\" \/>\n\t<meta name=\"twitter:label2\" content=\"Est. reading time\" \/>\n\t<meta name=\"twitter:data2\" content=\"2 minutes\" \/>\n<script type=\"application\/ld+json\" class=\"yoast-schema-graph\">{\"@context\":\"https:\/\/schema.org\",\"@graph\":[{\"@type\":\"Article\",\"@id\":\"https:\/\/complex01.vn\/vi\/mac-and-the-odd-stones-first-last-miniconcert\/#article\",\"isPartOf\":{\"@id\":\"https:\/\/complex01.vn\/vi\/mac-and-the-odd-stones-first-last-miniconcert\/\"},\"author\":{\"name\":\"admin\",\"@id\":\"https:\/\/complex01.vn\/#\/schema\/person\/bafe75b2317073a885ee70a52dc80d3e\"},\"headline\":\"M\u1ea1c and the Odd Stones &#8211; First &amp; Last Miniconcert\",\"datePublished\":\"2023-08-19T08:05:56+00:00\",\"dateModified\":\"2023-09-27T08:09:21+00:00\",\"mainEntityOfPage\":{\"@id\":\"https:\/\/complex01.vn\/vi\/mac-and-the-odd-stones-first-last-miniconcert\/\"},\"wordCount\":516,\"commentCount\":0,\"publisher\":{\"@id\":\"https:\/\/complex01.vn\/#organization\"},\"image\":{\"@id\":\"https:\/\/complex01.vn\/vi\/mac-and-the-odd-stones-first-last-miniconcert\/#primaryimage\"},\"thumbnailUrl\":\"https:\/\/complex01.vn\/wp-content\/uploads\/2023\/09\/368197237_663058835854086_8901835810722567621_n.jpg\",\"keywords\":[\"complex01\",\"complex01.vn\"],\"articleSection\":[\"S\u1ef0 KI\u1ec6N\"],\"inLanguage\":\"vi-VN\",\"potentialAction\":[{\"@type\":\"CommentAction\",\"name\":\"Comment\",\"target\":[\"https:\/\/complex01.vn\/vi\/mac-and-the-odd-stones-first-last-miniconcert\/#respond\"]}]},{\"@type\":\"WebPage\",\"@id\":\"https:\/\/complex01.vn\/vi\/mac-and-the-odd-stones-first-last-miniconcert\/\",\"url\":\"https:\/\/complex01.vn\/vi\/mac-and-the-odd-stones-first-last-miniconcert\/\",\"name\":\"M\u1ea1c and the Odd Stones - First &amp; Last Miniconcert - COMPLEX 01\",\"isPartOf\":{\"@id\":\"https:\/\/complex01.vn\/#website\"},\"primaryImageOfPage\":{\"@id\":\"https:\/\/complex01.vn\/vi\/mac-and-the-odd-stones-first-last-miniconcert\/#primaryimage\"},\"image\":{\"@id\":\"https:\/\/complex01.vn\/vi\/mac-and-the-odd-stones-first-last-miniconcert\/#primaryimage\"},\"thumbnailUrl\":\"https:\/\/complex01.vn\/wp-content\/uploads\/2023\/09\/368197237_663058835854086_8901835810722567621_n.jpg\",\"datePublished\":\"2023-08-19T08:05:56+00:00\",\"dateModified\":\"2023-09-27T08:09:21+00:00\",\"breadcrumb\":{\"@id\":\"https:\/\/complex01.vn\/vi\/mac-and-the-odd-stones-first-last-miniconcert\/#breadcrumb\"},\"inLanguage\":\"vi-VN\",\"potentialAction\":[{\"@type\":\"ReadAction\",\"target\":[\"https:\/\/complex01.vn\/vi\/mac-and-the-odd-stones-first-last-miniconcert\/\"]}]},{\"@type\":\"ImageObject\",\"inLanguage\":\"vi-VN\",\"@id\":\"https:\/\/complex01.vn\/vi\/mac-and-the-odd-stones-first-last-miniconcert\/#primaryimage\",\"url\":\"https:\/\/complex01.vn\/wp-content\/uploads\/2023\/09\/368197237_663058835854086_8901835810722567621_n.jpg\",\"contentUrl\":\"https:\/\/complex01.vn\/wp-content\/uploads\/2023\/09\/368197237_663058835854086_8901835810722567621_n.jpg\",\"width\":1367,\"height\":960},{\"@type\":\"BreadcrumbList\",\"@id\":\"https:\/\/complex01.vn\/vi\/mac-and-the-odd-stones-first-last-miniconcert\/#breadcrumb\",\"itemListElement\":[{\"@type\":\"ListItem\",\"position\":1,\"name\":\"Home\",\"item\":\"https:\/\/complex01.vn\/vi\/\"},{\"@type\":\"ListItem\",\"position\":2,\"name\":\"M\u1ea1c and the Odd Stones &#8211; First &amp; Last Miniconcert\"}]},{\"@type\":\"WebSite\",\"@id\":\"https:\/\/complex01.vn\/#website\",\"url\":\"https:\/\/complex01.vn\/\",\"name\":\"COMPLEX 01\",\"description\":\"Performance &amp; event venue \u00b7 Shopping &amp; retail \u00b7 Food and drink\",\"publisher\":{\"@id\":\"https:\/\/complex01.vn\/#organization\"},\"potentialAction\":[{\"@type\":\"SearchAction\",\"target\":{\"@type\":\"EntryPoint\",\"urlTemplate\":\"https:\/\/complex01.vn\/?s={search_term_string}\"},\"query-input\":{\"@type\":\"PropertyValueSpecification\",\"valueRequired\":true,\"valueName\":\"search_term_string\"}}],\"inLanguage\":\"vi-VN\"},{\"@type\":\"Organization\",\"@id\":\"https:\/\/complex01.vn\/#organization\",\"name\":\"COMPLEX 01\",\"url\":\"https:\/\/complex01.vn\/\",\"logo\":{\"@type\":\"ImageObject\",\"inLanguage\":\"vi-VN\",\"@id\":\"https:\/\/complex01.vn\/#\/schema\/logo\/image\/\",\"url\":\"https:\/\/complex01.vn\/wp-content\/uploads\/2023\/08\/social-logo.png\",\"contentUrl\":\"https:\/\/complex01.vn\/wp-content\/uploads\/2023\/08\/social-logo.png\",\"width\":61,\"height\":55,\"caption\":\"COMPLEX 01\"},\"image\":{\"@id\":\"https:\/\/complex01.vn\/#\/schema\/logo\/image\/\"}},{\"@type\":\"Person\",\"@id\":\"https:\/\/complex01.vn\/#\/schema\/person\/bafe75b2317073a885ee70a52dc80d3e\",\"name\":\"admin\",\"image\":{\"@type\":\"ImageObject\",\"inLanguage\":\"vi-VN\",\"@id\":\"https:\/\/complex01.vn\/#\/schema\/person\/image\/\",\"url\":\"https:\/\/secure.gravatar.com\/avatar\/1486c90c86b225b490f2a10710bd2515?s=96&d=mm&r=g\",\"contentUrl\":\"https:\/\/secure.gravatar.com\/avatar\/1486c90c86b225b490f2a10710bd2515?s=96&d=mm&r=g\",\"caption\":\"admin\"},\"url\":\"https:\/\/complex01.vn\/vi\/author\/admin\/\"}]}<\/script>\n<!-- \/ Yoast SEO plugin. -->","yoast_head_json":{"title":"M\u1ea1c and the Odd Stones - First &amp; Last Miniconcert - COMPLEX 01","robots":{"index":"index","follow":"follow","max-snippet":"max-snippet:-1","max-image-preview":"max-image-preview:large","max-video-preview":"max-video-preview:-1"},"canonical":"https:\/\/complex01.vn\/vi\/mac-and-the-odd-stones-first-last-miniconcert\/","og_locale":"vi_VN","og_type":"article","og_title":"M\u1ea1c and the Odd Stones - First &amp; Last Miniconcert - COMPLEX 01","og_description":"Time:&nbsp;19\/08\/2023 Address:&nbsp;Polygon Musik C\u01a1 duy\u00ean \u0111\u01b0a M\u1ea1c and the Odd Stones \u0111\u1ebfn v\u1edbi Polygon Musik ch\u00ednh l\u00e0 v\u00e0o 1 ng\u00e0y th\u00e1ng 6, khi MATOS l\u00e0m kh\u00e1ch m\u1eddi cho \u0111\u00eam nh\u1ea1c c\u1ee7a nh\u00f3m nh\u1ea1c Ph\u00e1p the Rodeo. V\u00e0 ngay sau \u0111\u00f3, quy\u1ebft \u0111\u1ecbnh ra \u0111\u1eddi miniconcert \u0111\u1ebfn nhanh nh\u01b0 \u0111i\u1ec7n gi\u1eadt. M\u1ea1c Mai S\u01b0\u01a1ng ch\u00ednh l\u00e0 ...","og_url":"https:\/\/complex01.vn\/vi\/mac-and-the-odd-stones-first-last-miniconcert\/","og_site_name":"COMPLEX 01","article_published_time":"2023-08-19T08:05:56+00:00","article_modified_time":"2023-09-27T08:09:21+00:00","og_image":[{"width":1367,"height":960,"url":"https:\/\/complex01.vn\/wp-content\/uploads\/2023\/09\/368197237_663058835854086_8901835810722567621_n.jpg","type":"image\/jpeg"}],"author":"admin","twitter_card":"summary_large_image","twitter_misc":{"Written by":"admin","Est. reading time":"2 minutes"},"schema":{"@context":"https:\/\/schema.org","@graph":[{"@type":"Article","@id":"https:\/\/complex01.vn\/vi\/mac-and-the-odd-stones-first-last-miniconcert\/#article","isPartOf":{"@id":"https:\/\/complex01.vn\/vi\/mac-and-the-odd-stones-first-last-miniconcert\/"},"author":{"name":"admin","@id":"https:\/\/complex01.vn\/#\/schema\/person\/bafe75b2317073a885ee70a52dc80d3e"},"headline":"M\u1ea1c and the Odd Stones &#8211; First &amp; Last Miniconcert","datePublished":"2023-08-19T08:05:56+00:00","dateModified":"2023-09-27T08:09:21+00:00","mainEntityOfPage":{"@id":"https:\/\/complex01.vn\/vi\/mac-and-the-odd-stones-first-last-miniconcert\/"},"wordCount":516,"commentCount":0,"publisher":{"@id":"https:\/\/complex01.vn\/#organization"},"image":{"@id":"https:\/\/complex01.vn\/vi\/mac-and-the-odd-stones-first-last-miniconcert\/#primaryimage"},"thumbnailUrl":"https:\/\/complex01.vn\/wp-content\/uploads\/2023\/09\/368197237_663058835854086_8901835810722567621_n.jpg","keywords":["complex01","complex01.vn"],"articleSection":["S\u1ef0 KI\u1ec6N"],"inLanguage":"vi-VN","potentialAction":[{"@type":"CommentAction","name":"Comment","target":["https:\/\/complex01.vn\/vi\/mac-and-the-odd-stones-first-last-miniconcert\/#respond"]}]},{"@type":"WebPage","@id":"https:\/\/complex01.vn\/vi\/mac-and-the-odd-stones-first-last-miniconcert\/","url":"https:\/\/complex01.vn\/vi\/mac-and-the-odd-stones-first-last-miniconcert\/","name":"M\u1ea1c and the Odd Stones - First &amp; Last Miniconcert - COMPLEX 01","isPartOf":{"@id":"https:\/\/complex01.vn\/#website"},"primaryImageOfPage":{"@id":"https:\/\/complex01.vn\/vi\/mac-and-the-odd-stones-first-last-miniconcert\/#primaryimage"},"image":{"@id":"https:\/\/complex01.vn\/vi\/mac-and-the-odd-stones-first-last-miniconcert\/#primaryimage"},"thumbnailUrl":"https:\/\/complex01.vn\/wp-content\/uploads\/2023\/09\/368197237_663058835854086_8901835810722567621_n.jpg","datePublished":"2023-08-19T08:05:56+00:00","dateModified":"2023-09-27T08:09:21+00:00","breadcrumb":{"@id":"https:\/\/complex01.vn\/vi\/mac-and-the-odd-stones-first-last-miniconcert\/#breadcrumb"},"inLanguage":"vi-VN","potentialAction":[{"@type":"ReadAction","target":["https:\/\/complex01.vn\/vi\/mac-and-the-odd-stones-first-last-miniconcert\/"]}]},{"@type":"ImageObject","inLanguage":"vi-VN","@id":"https:\/\/complex01.vn\/vi\/mac-and-the-odd-stones-first-last-miniconcert\/#primaryimage","url":"https:\/\/complex01.vn\/wp-content\/uploads\/2023\/09\/368197237_663058835854086_8901835810722567621_n.jpg","contentUrl":"https:\/\/complex01.vn\/wp-content\/uploads\/2023\/09\/368197237_663058835854086_8901835810722567621_n.jpg","width":1367,"height":960},{"@type":"BreadcrumbList","@id":"https:\/\/complex01.vn\/vi\/mac-and-the-odd-stones-first-last-miniconcert\/#breadcrumb","itemListElement":[{"@type":"ListItem","position":1,"name":"Home","item":"https:\/\/complex01.vn\/vi\/"},{"@type":"ListItem","position":2,"name":"M\u1ea1c and the Odd Stones &#8211; First &amp; Last Miniconcert"}]},{"@type":"WebSite","@id":"https:\/\/complex01.vn\/#website","url":"https:\/\/complex01.vn\/","name":"COMPLEX 01","description":"Performance &amp; event venue \u00b7 Shopping &amp; retail \u00b7 Food and drink","publisher":{"@id":"https:\/\/complex01.vn\/#organization"},"potentialAction":[{"@type":"SearchAction","target":{"@type":"EntryPoint","urlTemplate":"https:\/\/complex01.vn\/?s={search_term_string}"},"query-input":{"@type":"PropertyValueSpecification","valueRequired":true,"valueName":"search_term_string"}}],"inLanguage":"vi-VN"},{"@type":"Organization","@id":"https:\/\/complex01.vn\/#organization","name":"COMPLEX 01","url":"https:\/\/complex01.vn\/","logo":{"@type":"ImageObject","inLanguage":"vi-VN","@id":"https:\/\/complex01.vn\/#\/schema\/logo\/image\/","url":"https:\/\/complex01.vn\/wp-content\/uploads\/2023\/08\/social-logo.png","contentUrl":"https:\/\/complex01.vn\/wp-content\/uploads\/2023\/08\/social-logo.png","width":61,"height":55,"caption":"COMPLEX 01"},"image":{"@id":"https:\/\/complex01.vn\/#\/schema\/logo\/image\/"}},{"@type":"Person","@id":"https:\/\/complex01.vn\/#\/schema\/person\/bafe75b2317073a885ee70a52dc80d3e","name":"admin","image":{"@type":"ImageObject","inLanguage":"vi-VN","@id":"https:\/\/complex01.vn\/#\/schema\/person\/image\/","url":"https:\/\/secure.gravatar.com\/avatar\/1486c90c86b225b490f2a10710bd2515?s=96&d=mm&r=g","contentUrl":"https:\/\/secure.gravatar.com\/avatar\/1486c90c86b225b490f2a10710bd2515?s=96&d=mm&r=g","caption":"admin"},"url":"https:\/\/complex01.vn\/vi\/author\/admin\/"}]}},"_links":{"self":[{"href":"https:\/\/complex01.vn\/vi\/wp-json\/wp\/v2\/posts\/4049","targetHints":{"allow":["GET"]}}],"collection":[{"href":"https:\/\/complex01.vn\/vi\/wp-json\/wp\/v2\/posts"}],"about":[{"href":"https:\/\/complex01.vn\/vi\/wp-json\/wp\/v2\/types\/post"}],"author":[{"embeddable":true,"href":"https:\/\/complex01.vn\/vi\/wp-json\/wp\/v2\/users\/2"}],"replies":[{"embeddable":true,"href":"https:\/\/complex01.vn\/vi\/wp-json\/wp\/v2\/comments?post=4049"}],"version-history":[{"count":1,"href":"https:\/\/complex01.vn\/vi\/wp-json\/wp\/v2\/posts\/4049\/revisions"}],"predecessor-version":[{"id":4050,"href":"https:\/\/complex01.vn\/vi\/wp-json\/wp\/v2\/posts\/4049\/revisions\/4050"}],"wp:featuredmedia":[{"embeddable":true,"href":"https:\/\/complex01.vn\/vi\/wp-json\/wp\/v2\/media\/4045"}],"wp:attachment":[{"href":"https:\/\/complex01.vn\/vi\/wp-json\/wp\/v2\/media?parent=4049"}],"wp:term":[{"taxonomy":"category","embeddable":true,"href":"https:\/\/complex01.vn\/vi\/wp-json\/wp\/v2\/categories?post=4049"},{"taxonomy":"post_tag","embeddable":true,"href":"https:\/\/complex01.vn\/vi\/wp-json\/wp\/v2\/tags?post=4049"}],"curies":[{"name":"wp","href":"https:\/\/api.w.org\/{rel}","templated":true}]}}